{"id":364,"date":"2020-10-09T16:09:00","date_gmt":"2020-10-09T14:09:00","guid":{"rendered":"http:\/\/www.collectifdesmosquees.fr\/?p=364"},"modified":"2020-12-08T16:12:28","modified_gmt":"2020-12-08T15:12:28","slug":"lettre-ouverte-au-president-de-la-republique-francaise","status":"publish","type":"post","link":"http:\/\/www.collectifdesmosquees.fr\/index.php\/2020\/10\/09\/lettre-ouverte-au-president-de-la-republique-francaise\/","title":{"rendered":"Lettre ouverte au pr\u00e9sident de la R\u00e9publique Fran\u00e7aise"},"content":{"rendered":"\n<p>Monsieur Le Pr\u00e9sident de la R\u00e9publique,<\/p>\n\n\n\n<p>Nous, le collectif des responsables des mosqu\u00e9es et associations musulmanes de l\u2019\u00cele de France, r\u00e9unis ce jour, le mercredi 7 octobre 2020, \u00e0 la Mosqu\u00e9e de Rosny-Sous-Bois, tenons \u00e0 vous exprimer nos inqui\u00e9tudes sur l\u2019escalade d\u00e9l\u00e9t\u00e8re que prend le traitement de l\u2019islam et des&nbsp; musulmans dans notre pays.<\/p>\n\n\n\n<p>Depuis plusieurs mois, les musulmans de France sont de plus en plus la cible des pires&nbsp; stigmatisations et invectives de la part de personnalit\u00e9s politiques et de certains m\u00e9dias qui ont&nbsp; fait de l\u2019islamophobie un fonds de commerce, favorisant ainsi les amalgames et la suspicion de toute une frange de la soci\u00e9t\u00e9 fran\u00e7aise.<\/p>\n\n\n\n<p>Nous constatons avec stup\u00e9faction une volont\u00e9 de mise sous contr\u00f4le des organisations musulmanes avec des contr\u00f4les syst\u00e9matiquement inopin\u00e9s dans nos mosqu\u00e9es, salles de pri\u00e8res, \u00e9coles musulmanes et ceci avec des moyens policiers dignes d\u2019une \u00e9poque que nous pensions r\u00e9volue.<\/p>\n\n\n\n<p>Les contr\u00f4les inopin\u00e9s faisant intervenir de nombreux policiers cr\u00e9ent un malaise et un traumatisme, aupr\u00e8s des enfants, adultes de demain, et du personnel \u00e9ducatif. Cette pression n\u2019est plus acceptable et doit cesser imm\u00e9diatement.<\/p>\n\n\n\n<p>La stigmatisation et le harc\u00e8lement que subissent les femmes musulmanes ayant d\u00e9cid\u00e9 de porter un foulard pour vivre leur foi librement est devenue insoutenable. Tout cela cr\u00e9e des peurs et des inqui\u00e9tudes qui ne cessent d\u2019augmenter chaque jour au sein de la soci\u00e9t\u00e9 et entre concitoyens. Nous tenons \u00e0 vous exprimer nos inqui\u00e9tudes et notre d\u00e9sapprobation, quant au traitement d\u2019exception dont font l\u2019objet les citoyens de confession musulmane.<\/p>\n\n\n\n<p>Pourtant, on ne le dira jamais assez, les musulmans, dans leur \u00e9crasante majorit\u00e9, vivent en paix et en harmonie dans la soci\u00e9t\u00e9 fran\u00e7aise et respectent le cadre la\u00efc et les lois de la r\u00e9publique. Les associations musulmanes ne m\u00e9nagent aucun effort, et ce depuis des ann\u00e9es, pour orienter et accompagner la communaut\u00e9 musulmane et les nouvelles g\u00e9n\u00e9rations.<\/p>\n\n\n\n<p>A l\u2019heure actuelle, la communaut\u00e9 nationale de notre pays doit plus que jamais faire face aux \u00e9preuves et difficult\u00e9s qui se dressent devant elle, que celles-ci soient d\u2019ordre \u00e9conomique, sanitaire, \u00e9cologique ou d\u2019un autre ordre.<\/p>\n\n\n\n<p>Pendant la p\u00e9riode de confinement, caus\u00e9e par l\u2019\u00e9pid\u00e9mie de Covid-19, et encore aujourd\u2019hui, nous, les responsables des Mosqu\u00e9es et associations musulmanes, ainsi que l\u2019ensemble de la communaut\u00e9 musulmane, avons fait bloc avec tous les corps d\u2019\u00e9tat charg\u00e9s de la lutte contre la propagation de la pand\u00e9mie et cette mobilisation continue par le respect des protocoles sanitaires dans les lieux de cultes et les associations.<\/p>\n\n\n\n<p>Nos mosqu\u00e9es restent des lieux de recueillement, de paix et de fraternit\u00e9, ouverts \u00e0 tous. Nos imams, nos repr\u00e9sentants associatifs et \u00e9ducatifs accompagnent soigneusement la pratique religieuse des fid\u00e8les dans la s\u00e9r\u00e9nit\u00e9 et la dignit\u00e9, loin de tout repli ou rejet de l\u2019autre.<\/p>\n\n\n\n<p>Ces derni\u00e8res ann\u00e9es, un travail important a \u00e9t\u00e9 entam\u00e9 pour organiser et structurer la repr\u00e9sentation des institutions musulmanes dans notre pays. Les responsables musulmans assument avec conscience leur part de responsabilit\u00e9 et l&#8217;immense t\u00e2che qui leur incombe. Ils l&#8217;exerceront dans la dignit\u00e9, la libert\u00e9 et la responsabilit\u00e9 loin de toute pression ou injonction de tout bord.<\/p>\n\n\n\n<p>Ce dont nous avons besoin, c\u2019est un dialogue constructif, loin de toute suspicion, et non d\u2019une mise \u00e0 l\u2019index continue \u00e0 travers l\u2019utilisation de concepts g\u00e9n\u00e9raux flous comme \u00ab islam radical \u00bb, \u00ab islam politique \u00bb, ou plus r\u00e9cemment encore \u00ab s\u00e9paratisme \u00bb.<\/p>\n\n\n\n<p>C\u2019est avec l\u2019engagement de tous que nous pourrons faire vivre les valeurs de notre pays que sont la libert\u00e9, l\u2019\u00e9galit\u00e9 et la fraternit\u00e9.<br>Nous continuerons plus que jamais \u00e0 agir pour le vivre ensemble et la pr\u00e9servation de notre unit\u00e9 nationale et comptons sur l\u2019implication des pouvoirs publics pour combattre les pr\u00e9jug\u00e9s, les amalgames et les discriminations dans une relation de confiance.<\/p>\n\n\n\n<p><strong>Collectif des mosqu\u00e9es et associations musulmanes de France<\/strong><\/p>\n\n\n\n<p><\/p>\n\n\n\n<div class=\"wp-block-buttons\">\n<div class=\"wp-block-button is-style-fill\"><a class=\"wp-block-button__link has-white-color has-text-color has-background no-border-radius\" href=\"http:\/\/www.collectifdesmosquees.fr\/index.php\/liste-des-signataires\/\" style=\"background-color:#404040\">Liste des signataires<\/a><\/div>\n<\/div>\n\n\n\n<p><\/p>\n","protected":false},"excerpt":{"rendered":"<p>Monsieur Le Pr\u00e9sident de la R\u00e9publique, Nous, le collectif des responsables des mosqu\u00e9es et associations musulmanes de l\u2019\u00cele de France, r\u00e9unis ce jour, le mercredi 7 octobre 2020, \u00e0 la Mosqu\u00e9e de Rosny-Sous-Bois, tenons \u00e0 vous exprimer nos inqui\u00e9tudes sur&hellip;<\/p>\n","protected":false},"author":1,"featured_media":308,"comment_status":"open","ping_status":"open","sticky":false,"template":"","format":"standard","meta":[],"categories":[1],"tags":[],"post_series":[],"_links":{"self":[{"href":"http:\/\/www.collectifdesmosquees.fr\/index.php\/wp-json\/wp\/v2\/posts\/364"}],"collection":[{"href":"http:\/\/www.collectifdesmosquees.fr\/index.php\/wp-json\/wp\/v2\/posts"}],"about":[{"href":"http:\/\/www.collectifdesmosquees.fr\/index.php\/wp-json\/wp\/v2\/types\/post"}],"author":[{"embeddable":true,"href":"http:\/\/www.collectifdesmosquees.fr\/index.php\/wp-json\/wp\/v2\/users\/1"}],"replies":[{"embeddable":true,"href":"http:\/\/www.collectifdesmosquees.fr\/index.php\/wp-json\/wp\/v2\/comments?post=364"}],"version-history":[{"count":3,"href":"http:\/\/www.collectifdesmosquees.fr\/index.php\/wp-json\/wp\/v2\/posts\/364\/revisions"}],"predecessor-version":[{"id":367,"href":"http:\/\/www.collectifdesmosquees.fr\/index.php\/wp-json\/wp\/v2\/posts\/364\/revisions\/367"}],"wp:featuredmedia":[{"embeddable":true,"href":"http:\/\/www.collectifdesmosquees.fr\/index.php\/wp-json\/wp\/v2\/media\/308"}],"wp:attachment":[{"href":"http:\/\/www.collectifdesmosquees.fr\/index.php\/wp-json\/wp\/v2\/media?parent=364"}],"wp:term":[{"taxonomy":"category","embeddable":true,"href":"http:\/\/www.collectifdesmosquees.fr\/index.php\/wp-json\/wp\/v2\/categories?post=364"},{"taxonomy":"post_tag","embeddable":true,"href":"http:\/\/www.collectifdesmosquees.fr\/index.php\/wp-json\/wp\/v2\/tags?post=364"},{"taxonomy":"post_series","embeddable":true,"href":"http:\/\/www.collectifdesmosquees.fr\/index.php\/wp-json\/wp\/v2\/post_series?post=364"}],"curies":[{"name":"wp","href":"https:\/\/api.w.org\/{rel}","templated":true}]}}