{"id":460,"date":"2021-02-01T12:06:41","date_gmt":"2021-02-01T11:06:41","guid":{"rendered":"http:\/\/www.collectifdesmosquees.fr\/?p=460"},"modified":"2021-02-05T12:10:09","modified_gmt":"2021-02-05T11:10:09","slug":"communique-du-ccmtf-cimg-france-foi-et-pratique-nos-observations-sur-la-charte-des-principes-de-lislam-de-france","status":"publish","type":"post","link":"http:\/\/www.collectifdesmosquees.fr\/index.php\/2021\/02\/01\/communique-du-ccmtf-cimg-france-foi-et-pratique-nos-observations-sur-la-charte-des-principes-de-lislam-de-france\/","title":{"rendered":"Communiqu\u00e9 du CCMTF, CIMG France, Foi et Pratique : Nos observations sur la \u00ab Charte des principes de l\u2019Islam de France \u00bb"},"content":{"rendered":"\n<h4>Nos observations sur la \u00ab Charte des principes de l\u2019Islam de France \u00bb<\/h4>\n\n\n\n<p>Paris, le 01\/02\/2021<\/p>\n\n\n\n<p>Nous, CCMTF, CIMG France et Foi et Pratique, restons convaincus que la mise en place du Conseil National des Imams (CNI), charg\u00e9 d\u2019agr\u00e9er les imams de France, est une n\u00e9cessit\u00e9 et sera b\u00e9n\u00e9fique pour les musulmans. Dans cette optique, nous avons \u00e9labor\u00e9 avec l\u2019ensemble des f\u00e9d\u00e9rations les documents fondateurs de la cr\u00e9ation du CNI.<\/p>\n\n\n\n<p>Nous rappelons que d\u00e8s le d\u00e9but du processus, nous avons contribu\u00e9 de mani\u00e8re constructive \u00e0 la Charte du CNI et appel\u00e9 \u00e0 la consultation des CRCM, des mosqu\u00e9es non affili\u00e9es aux f\u00e9d\u00e9rations et des imams afin d\u2019aboutir \u00e0 une adh\u00e9sion la plus large possible, condition sine qua none pour la r\u00e9ussite de cette nouvelle instance.<\/p>\n\n\n\n<p>La signature pr\u00e9cipit\u00e9e de la charte et les diff\u00e9rentes d\u00e9clarations ont malheureusement conduit \u00e0 la perception d\u2019un projet impos\u00e9 par le haut, sans l\u2019approbation de la base et notamment des acteurs concern\u00e9s qui sont les imams. Nous regrettons cette gestion exp\u00e9ditive qui, sans le respect des \u00e9tapes n\u00e9cessaires \u00e0 une concertation, a conduit plusieurs regroupements de mosqu\u00e9es et d\u2019imams \u00e0 annoncer leur refus de participer \u00e0 ce projet.<\/p>\n\n\n\n<p>C\u2019est dans ce cadre que nous avons entam\u00e9 un travail de consultation afin d\u2019\u00e9laborer une synth\u00e8se des observations et r\u00e9serves au sujet de cette charte rendue publique le 18 janvier.<\/p>\n\n\n\n<p>Faisant suite \u00e0 notre communiqu\u00e9 du 20 janvier 2021 annon\u00e7ant nos r\u00e9ticences \u00e0 signer, <strong>nous exposons aujourd\u2019hui publiquement en annexe, ces observations d\u00e9taill\u00e9es que <\/strong><strong>nous avons adress\u00e9es M. Mohammed Moussaoui Pr\u00e9sident du CFCM ainsi qu\u2019aux instances concern\u00e9es.<\/strong><\/p>\n\n\n\n<p>Nous formons le v\u0153u que nos observations contribuerons \u00e0 l\u2019am\u00e9lioration de cette charte, afin qu\u2019elle puisse \u00eatre reconnue et adopt\u00e9e par tous.<\/p>\n\n\n\n<p>En tant qu\u2019institutions religieuses toujours ouvertes au dialogue dans un esprit constructif, nous continuerons d\u2019apporter nos contributions aux travaux concernant CNI.*<\/p>\n\n\n\n<p><\/p>\n\n\n<a href=\"http:\/\/www.collectifdesmosquees.fr\/wp-content\/uploads\/2021\/02\/Communique-et-Observation-CCMTF-CIMG-FP-du-01.02.2021-VF-V2-.pdf\" class=\"pdfemb-viewer\" style=\"\" data-width=\"max\" data-height=\"max\"  data-toolbar=\"bottom\" data-toolbar-fixed=\"off\">Communique-et-Observation-CCMTF-CIMG-FP-du-01.02.2021-VF-V2-<br\/><\/a>\n<p class=\"wp-block-pdfemb-pdf-embedder-viewer\"><\/p>\n","protected":false},"excerpt":{"rendered":"<p>Nos observations sur la \u00ab Charte des principes de l\u2019Islam de France \u00bb Paris, le 01\/02\/2021 Nous, CCMTF, CIMG France et Foi et Pratique, restons convaincus que la mise en place du Conseil National des Imams (CNI), charg\u00e9 d\u2019agr\u00e9er les&hellip;<\/p>\n","protected":false},"author":1,"featured_media":308,"comment_status":"open","ping_status":"open","sticky":false,"template":"","format":"standard","meta":[],"categories":[1],"tags":[],"post_series":[],"_links":{"self":[{"href":"http:\/\/www.collectifdesmosquees.fr\/index.php\/wp-json\/wp\/v2\/posts\/460"}],"collection":[{"href":"http:\/\/www.collectifdesmosquees.fr\/index.php\/wp-json\/wp\/v2\/posts"}],"about":[{"href":"http:\/\/www.collectifdesmosquees.fr\/index.php\/wp-json\/wp\/v2\/types\/post"}],"author":[{"embeddable":true,"href":"http:\/\/www.collectifdesmosquees.fr\/index.php\/wp-json\/wp\/v2\/users\/1"}],"replies":[{"embeddable":true,"href":"http:\/\/www.collectifdesmosquees.fr\/index.php\/wp-json\/wp\/v2\/comments?post=460"}],"version-history":[{"count":3,"href":"http:\/\/www.collectifdesmosquees.fr\/index.php\/wp-json\/wp\/v2\/posts\/460\/revisions"}],"predecessor-version":[{"id":463,"href":"http:\/\/www.collectifdesmosquees.fr\/index.php\/wp-json\/wp\/v2\/posts\/460\/revisions\/463"}],"wp:featuredmedia":[{"embeddable":true,"href":"http:\/\/www.collectifdesmosquees.fr\/index.php\/wp-json\/wp\/v2\/media\/308"}],"wp:attachment":[{"href":"http:\/\/www.collectifdesmosquees.fr\/index.php\/wp-json\/wp\/v2\/media?parent=460"}],"wp:term":[{"taxonomy":"category","embeddable":true,"href":"http:\/\/www.collectifdesmosquees.fr\/index.php\/wp-json\/wp\/v2\/categories?post=460"},{"taxonomy":"post_tag","embeddable":true,"href":"http:\/\/www.collectifdesmosquees.fr\/index.php\/wp-json\/wp\/v2\/tags?post=460"},{"taxonomy":"post_series","embeddable":true,"href":"http:\/\/www.collectifdesmosquees.fr\/index.php\/wp-json\/wp\/v2\/post_series?post=460"}],"curies":[{"name":"wp","href":"https:\/\/api.w.org\/{rel}","templated":true}]}}